{"id":135,"date":"2021-04-15T15:26:09","date_gmt":"2021-04-15T15:26:09","guid":{"rendered":"https:\/\/behomie.com\/blog\/?p=135"},"modified":"2025-08-28T07:53:05","modified_gmt":"2025-08-28T07:53:05","slug":"primavera-na-ilha-da-madeira","status":"publish","type":"post","link":"https:\/\/behomie.com\/blog\/pt\/primavera-na-ilha-da-madeira\/","title":{"rendered":"Primavera na Ilha da MADEIRA!"},"content":{"rendered":"\n<p>Precisa de viajar, espairecer, conhecer outras culturas e sabores, novas experi\u00eancias ou at\u00e9 mesmo apenas relaxar!!!!<\/p>\n\n\n\n<p>Agora tem a oportunidade de usufruir de estadias a pre\u00e7os mais baixos, seja em um fim-de-semana ou apenas uma escapadinha durante a semana para conhecer a cidade do Funchal e todos os sabores e experi\u00eancias que a rodeiam. <\/p>\n\n\n\n<div class=\"wp-block-group is-layout-flow wp-block-group-is-layout-flow\">\n<figure class=\"wp-block-gallery has-nested-images columns-default is-cropped wp-block-gallery-1 is-layout-flex wp-block-gallery-is-layout-flex\">\n<figure class=\"wp-block-image size-large\"><img fetchpriority=\"high\" decoding=\"async\" width=\"1127\" height=\"630\" data-id=\"160\" src=\"https:\/\/behomie.com\/blog\/wp-content\/uploads\/2021\/04\/IMG_20190427_111201-1127x630.jpg\" alt=\"\" class=\"wp-image-160\"\/><\/figure>\n\n\n\n<figure class=\"wp-block-image size-large\"><img decoding=\"async\" width=\"1500\" height=\"630\" data-id=\"180\" src=\"https:\/\/behomie.com\/blog\/wp-content\/uploads\/2021\/04\/WhatsApp-Image-2020-06-05-at-09.41.17-1500x630.jpeg\" alt=\"\" class=\"wp-image-180\"\/><\/figure>\n\n\n\n<figure class=\"wp-block-image size-large\"><img decoding=\"async\" width=\"1127\" height=\"630\" data-id=\"164\" src=\"https:\/\/behomie.com\/blog\/wp-content\/uploads\/2021\/04\/IMG_20190510_071716-1127x630.jpg\" alt=\"\" class=\"wp-image-164\"\/><\/figure>\n<\/figure>\n<\/div>\n\n\n\n<p>Na <a aria-label=\"undefined (opens in a new tab)\" href=\"https:\/\/www.madeirasuntravel.com\/aluguer\/aluguer-alugueres-d0\/menos-capacidade\/?FRMNombre=Ribeira+das+casas\" target=\"_blank\" rel=\"noreferrer noopener\">RIBEIRA DAS CASAS APARTMENTS I, II, III e IV<\/a> poder\u00e1 usufruir de um valor promocional at\u00e9 ao final do m\u00eas de Junho de 2021, apenas aplicando o voucher indicado nas nossas <a aria-label=\"undefined (opens in a new tab)\" href=\"https:\/\/www.madeirasuntravel.com\/destaques\/\" target=\"_blank\" rel=\"noreferrer noopener\">OFERTAS<\/a>.<\/p>\n\n\n\n<div class=\"wp-block-group is-layout-flow wp-block-group-is-layout-flow\">\n<div class=\"wp-block-group is-layout-flow wp-block-group-is-layout-flow\">\n<figure class=\"wp-block-gallery has-nested-images columns-default is-cropped wp-block-gallery-2 is-layout-flex wp-block-gallery-is-layout-flex\">\n<figure class=\"wp-block-image size-large\"><img loading=\"lazy\" decoding=\"async\" width=\"1440\" height=\"630\" data-id=\"140\" src=\"https:\/\/behomie.com\/blog\/wp-content\/uploads\/2021\/04\/12-Vista-do-pr\u00e9dio-no-Funchal-1440x630.jpeg\" alt=\"\" class=\"wp-image-140\"\/><\/figure>\n\n\n\n<figure class=\"wp-block-image size-large\"><img loading=\"lazy\" decoding=\"async\" width=\"1500\" height=\"630\" data-id=\"144\" src=\"https:\/\/behomie.com\/blog\/wp-content\/uploads\/2021\/04\/7-Cozinha-e-Sala-de-Jantar-no-Funchal-1500x630.jpg\" alt=\"\" class=\"wp-image-144\"\/><\/figure>\n\n\n\n<figure class=\"wp-block-image size-large\"><img loading=\"lazy\" decoding=\"async\" width=\"1500\" height=\"630\" data-id=\"148\" src=\"https:\/\/behomie.com\/blog\/wp-content\/uploads\/2021\/04\/2-Quarto-de-casal-no-centro-do-Funchal-1-1500x630.jpg\" alt=\"\" class=\"wp-image-148\"\/><\/figure>\n<\/figure>\n<\/div>\n<\/div>\n\n\n\n<p>De 15 a 18 de Abril de 2021 poder\u00e1 visitar a <a aria-label=\"undefined (opens in a new tab)\" href=\"http:\/\/www.visitmadeira.pt\/pt-pt\/o-que-fazer\/eventos\/pesquisa\/expotropical\" target=\"_blank\" rel=\"noreferrer noopener\">ExpoTropical <\/a>no Cais 8 da Pra\u00e7a do Povo onde poder\u00e1 conhecer os sabores Subtropicais da Ilha da Madeira!<\/p>\n\n\n\n<p>De 19 a 25 de Abril de 2021 o restaurante \u00c1kua situado mesmo no centro da cidade do Funchal ir\u00e1 promover a <a href=\"https:\/\/www.facebook.com\/akua.funchal\/photos\/a.957778368054859\/1115821852250509\/?__cft__[0]=AZWI5dlVGLCDpsyEY4VLLv7bo_vlQ6hEvYTMODm0qvfP_WWuz3Xj-nRYI2y-LvkvIW50SqpoNbt8vRQm-khUPguWrHhmwAHIiRdtm3qR2AETZxETMUkIz0DfoqParrfbol2-FwvtcP4t5ABA-MUR9D-v&amp;__tn__=EH-R\">Semana da lampreia<\/a>! <\/p>\n\n\n\n<p>Deixei-vos com \u00e1gua na boca? Venha experimentar uma mistura de gastronomia do minho com os sabores da ilha da Madeira usufruindo das nossas ofertas para a sua estadia.<\/p>\n\n\n\n<p>Para finalizar fica aqui um pedacinho da nossa Ilha atrav\u00e9s da apresenta\u00e7\u00e3o do <a href=\"https:\/\/fb.watch\/4U4ql26ZT5\/\">novo <\/a><a href=\"https:\/\/fb.watch\/4U4ql26ZT5\/\" target=\"_blank\" aria-label=\"undefined (opens in a new tab)\" rel=\"noreferrer noopener\">logotipo <\/a>para <a href=\"https:\/\/www.facebook.com\/watch\/visitmadeiraofficial\/\" target=\"_blank\" aria-label=\"undefined (opens in a new tab)\" rel=\"noreferrer noopener\">promo\u00e7\u00e3o da Ilha Da Madeira<\/a>!<\/p>\n\n\n\n<figure class=\"wp-block-image size-large\"><a href=\"https:\/\/www.madeirasuntravel.com\/\"><img loading=\"lazy\" decoding=\"async\" width=\"855\" height=\"322\" src=\"https:\/\/behomie.com\/blog\/wp-content\/uploads\/2020\/08\/71074561_646566905867965_4639287621460164608_n.jpg\" alt=\"\" class=\"wp-image-53\" srcset=\"https:\/\/behomie.com\/blog\/wp-content\/uploads\/2020\/08\/71074561_646566905867965_4639287621460164608_n.jpg 855w, https:\/\/behomie.com\/blog\/wp-content\/uploads\/2020\/08\/71074561_646566905867965_4639287621460164608_n-768x289.jpg 768w\" sizes=\"(max-width: 855px) 100vw, 855px\" \/><\/a><\/figure>\n\n\n\n<p><\/p>\n","protected":false},"excerpt":{"rendered":"<p>Precisa de viajar, espairecer, conhecer outras culturas e sabores, novas experi\u00eancias ou at\u00e9 mesmo apenas relaxar!!!! Agora tem a oportunidade de usufruir de estadias a pre\u00e7os mais baixos, seja em um fim-de-semana ou apenas uma escapadinha durante a semana para conhecer a cidade do Funchal e todos os sabores e experi\u00eancias que a rodeiam. Na [&hellip;]<\/p>\n","protected":false},"author":2,"featured_media":41,"comment_status":"open","ping_status":"open","sticky":true,"template":"","format":"standard","meta":{"footnotes":""},"categories":[5],"tags":[126,127,122,131,28,6,128,125,121,129,123,130,124],"class_list":["post-135","post","type-post","status-publish","format-standard","has-post-thumbnail","hentry","category-madeira","tag-apartments","tag-expotropical","tag-funchal","tag-gastronomia","tag-madeira-2","tag-madeira-sun-travel","tag-novo-logotipo","tag-oferta","tag-primavera","tag-promocao-ilha-da-madeira","tag-sabores","tag-semana-da-lampreia","tag-tropicais"],"yoast_head":"<!-- This site is optimized with the Yoast SEO plugin v27.5 - https:\/\/yoast.com\/product\/yoast-seo-wordpress\/ -->\n<title>Primavera na Ilha da MADEIRA! - Blog<\/title>\n<meta name=\"robots\" content=\"index, follow, max-snippet:-1, max-image-preview:large, max-video-preview:-1\" \/>\n<link rel=\"canonical\" href=\"https:\/\/behomie.com\/blog\/pt\/primavera-na-ilha-da-madeira\/\" \/>\n<meta property=\"og:locale\" content=\"en_US\" \/>\n<meta property=\"og:type\" content=\"article\" \/>\n<meta property=\"og:title\" content=\"Primavera na Ilha da MADEIRA! - Blog\" \/>\n<meta property=\"og:description\" content=\"Precisa de viajar, espairecer, conhecer outras culturas e sabores, novas experi\u00eancias ou at\u00e9 mesmo apenas relaxar!!!! Agora tem a oportunidade de usufruir de estadias a pre\u00e7os mais baixos, seja em um fim-de-semana ou apenas uma escapadinha durante a semana para conhecer a cidade do Funchal e todos os sabores e experi\u00eancias que a rodeiam. Na [&hellip;]\" \/>\n<meta property=\"og:url\" content=\"https:\/\/behomie.com\/blog\/pt\/primavera-na-ilha-da-madeira\/\" \/>\n<meta property=\"og:site_name\" content=\"Blog\" \/>\n<meta property=\"article:author\" content=\"https:\/\/www.facebook.com\/madeirasuntravel\/\" \/>\n<meta property=\"article:published_time\" content=\"2021-04-15T15:26:09+00:00\" \/>\n<meta property=\"article:modified_time\" content=\"2025-08-28T07:53:05+00:00\" \/>\n<meta property=\"og:image\" content=\"https:\/\/behomie.com\/blog\/wp-content\/uploads\/2020\/08\/FestadaFlor8_700x360.jpg\" \/>\n\t<meta property=\"og:image:width\" content=\"700\" \/>\n\t<meta property=\"og:image:height\" content=\"360\" \/>\n\t<meta property=\"og:image:type\" content=\"image\/jpeg\" \/>\n<meta name=\"author\" content=\"madeirasuntravel\" \/>\n<meta name=\"twitter:card\" content=\"summary_large_image\" \/>\n<meta name=\"twitter:creator\" content=\"@https:\/\/twitter.com\/SunMadeira\" \/>\n<meta name=\"twitter:label1\" content=\"Written by\" \/>\n\t<meta name=\"twitter:data1\" content=\"madeirasuntravel\" \/>\n\t<meta name=\"twitter:label2\" content=\"Est. reading time\" \/>\n\t<meta name=\"twitter:data2\" content=\"3 minutes\" \/>\n<script type=\"application\/ld+json\" class=\"yoast-schema-graph\">{\"@context\":\"https:\\\/\\\/schema.org\",\"@graph\":[{\"@type\":\"Article\",\"@id\":\"https:\\\/\\\/behomie.com\\\/blog\\\/pt\\\/primavera-na-ilha-da-madeira\\\/#article\",\"isPartOf\":{\"@id\":\"https:\\\/\\\/behomie.com\\\/blog\\\/pt\\\/primavera-na-ilha-da-madeira\\\/\"},\"author\":{\"name\":\"madeirasuntravel\",\"@id\":\"https:\\\/\\\/behomie.com\\\/blog\\\/pt\\\/#\\\/schema\\\/person\\\/2a192114891b05968d0feddebbf0ee10\"},\"headline\":\"Primavera na Ilha da MADEIRA!\",\"datePublished\":\"2021-04-15T15:26:09+00:00\",\"dateModified\":\"2025-08-28T07:53:05+00:00\",\"mainEntityOfPage\":{\"@id\":\"https:\\\/\\\/behomie.com\\\/blog\\\/pt\\\/primavera-na-ilha-da-madeira\\\/\"},\"wordCount\":195,\"commentCount\":0,\"image\":{\"@id\":\"https:\\\/\\\/behomie.com\\\/blog\\\/pt\\\/primavera-na-ilha-da-madeira\\\/#primaryimage\"},\"thumbnailUrl\":\"https:\\\/\\\/behomie.com\\\/blog\\\/wp-content\\\/uploads\\\/2020\\\/08\\\/FestadaFlor8_700x360.jpg\",\"keywords\":[\"apartments\",\"expotropical\",\"Funchal\",\"gastronomia\",\"Madeira\",\"Madeira Sun Travel\",\"novo logotipo\",\"oferta\",\"Primavera\",\"promo\u00e7\u00e3o ilha da Madeira\",\"sabores\",\"semana da lampreia\",\"tropicais\"],\"articleSection\":[\"Madeira\"],\"inLanguage\":\"en-NZ\",\"potentialAction\":[{\"@type\":\"CommentAction\",\"name\":\"Comment\",\"target\":[\"https:\\\/\\\/behomie.com\\\/blog\\\/pt\\\/primavera-na-ilha-da-madeira\\\/#respond\"]}]},{\"@type\":\"WebPage\",\"@id\":\"https:\\\/\\\/behomie.com\\\/blog\\\/pt\\\/primavera-na-ilha-da-madeira\\\/\",\"url\":\"https:\\\/\\\/behomie.com\\\/blog\\\/pt\\\/primavera-na-ilha-da-madeira\\\/\",\"name\":\"Primavera na Ilha da MADEIRA! - Blog\",\"isPartOf\":{\"@id\":\"https:\\\/\\\/behomie.com\\\/blog\\\/pt\\\/#website\"},\"primaryImageOfPage\":{\"@id\":\"https:\\\/\\\/behomie.com\\\/blog\\\/pt\\\/primavera-na-ilha-da-madeira\\\/#primaryimage\"},\"image\":{\"@id\":\"https:\\\/\\\/behomie.com\\\/blog\\\/pt\\\/primavera-na-ilha-da-madeira\\\/#primaryimage\"},\"thumbnailUrl\":\"https:\\\/\\\/behomie.com\\\/blog\\\/wp-content\\\/uploads\\\/2020\\\/08\\\/FestadaFlor8_700x360.jpg\",\"datePublished\":\"2021-04-15T15:26:09+00:00\",\"dateModified\":\"2025-08-28T07:53:05+00:00\",\"author\":{\"@id\":\"https:\\\/\\\/behomie.com\\\/blog\\\/pt\\\/#\\\/schema\\\/person\\\/2a192114891b05968d0feddebbf0ee10\"},\"breadcrumb\":{\"@id\":\"https:\\\/\\\/behomie.com\\\/blog\\\/pt\\\/primavera-na-ilha-da-madeira\\\/#breadcrumb\"},\"inLanguage\":\"en-NZ\",\"potentialAction\":[{\"@type\":\"ReadAction\",\"target\":[\"https:\\\/\\\/behomie.com\\\/blog\\\/pt\\\/primavera-na-ilha-da-madeira\\\/\"]}]},{\"@type\":\"ImageObject\",\"inLanguage\":\"en-NZ\",\"@id\":\"https:\\\/\\\/behomie.com\\\/blog\\\/pt\\\/primavera-na-ilha-da-madeira\\\/#primaryimage\",\"url\":\"https:\\\/\\\/behomie.com\\\/blog\\\/wp-content\\\/uploads\\\/2020\\\/08\\\/FestadaFlor8_700x360.jpg\",\"contentUrl\":\"https:\\\/\\\/behomie.com\\\/blog\\\/wp-content\\\/uploads\\\/2020\\\/08\\\/FestadaFlor8_700x360.jpg\",\"width\":700,\"height\":360},{\"@type\":\"BreadcrumbList\",\"@id\":\"https:\\\/\\\/behomie.com\\\/blog\\\/pt\\\/primavera-na-ilha-da-madeira\\\/#breadcrumb\",\"itemListElement\":[{\"@type\":\"ListItem\",\"position\":1,\"name\":\"Home\",\"item\":\"https:\\\/\\\/behomie.com\\\/blog\\\/pt\\\/\"},{\"@type\":\"ListItem\",\"position\":2,\"name\":\"Primavera na Ilha da MADEIRA!\"}]},{\"@type\":\"WebSite\",\"@id\":\"https:\\\/\\\/behomie.com\\\/blog\\\/pt\\\/#website\",\"url\":\"https:\\\/\\\/behomie.com\\\/blog\\\/pt\\\/\",\"name\":\"Blog\",\"description\":\"Madeira holiday rentals\",\"potentialAction\":[{\"@type\":\"SearchAction\",\"target\":{\"@type\":\"EntryPoint\",\"urlTemplate\":\"https:\\\/\\\/behomie.com\\\/blog\\\/pt\\\/?s={search_term_string}\"},\"query-input\":{\"@type\":\"PropertyValueSpecification\",\"valueRequired\":true,\"valueName\":\"search_term_string\"}}],\"inLanguage\":\"en-NZ\"},{\"@type\":\"Person\",\"@id\":\"https:\\\/\\\/behomie.com\\\/blog\\\/pt\\\/#\\\/schema\\\/person\\\/2a192114891b05968d0feddebbf0ee10\",\"name\":\"madeirasuntravel\",\"image\":{\"@type\":\"ImageObject\",\"inLanguage\":\"en-NZ\",\"@id\":\"https:\\\/\\\/secure.gravatar.com\\\/avatar\\\/3916c4d4d84b629eb438e00cb71a74443c4d691f2ee87d5ed60b20c104e57d14?s=96&d=mm&r=g\",\"url\":\"https:\\\/\\\/secure.gravatar.com\\\/avatar\\\/3916c4d4d84b629eb438e00cb71a74443c4d691f2ee87d5ed60b20c104e57d14?s=96&d=mm&r=g\",\"contentUrl\":\"https:\\\/\\\/secure.gravatar.com\\\/avatar\\\/3916c4d4d84b629eb438e00cb71a74443c4d691f2ee87d5ed60b20c104e57d14?s=96&d=mm&r=g\",\"caption\":\"madeirasuntravel\"},\"description\":\"MADEIRA SUN TRAVEL Madeira Sun Travel is one of the main local accommodation management companies in the archipelago of Madeira. Since 2017, we have managed properties and received our guests with the utmost professionalism, providing them with an excellent stay. Madeira Sun Travel Staff, composed of several professionals with diverse experiences, in tourist activity, commit daily from the Pre-reservations moment until the end of the stays, so that they are memorable, with recognition translated 'reviews' by the guests. We wish all our guests a memorable stay, and welcome to the archipelago of Madeira!! Madeira Sun Travel procedures: We form our team with specific training to receive our guests with all the security; We maintain our 24-hour Guest Support Service; We adopt the online check-in service keeping only the key delivery and the welcome service in person; We increase direct contact, online, with the client for preparing their stay; We reinforce the cleaning and disinfection of accommodation between stays; We offer cleaning and disinfection products in the accommodations; We offer a prevention kit per customer; We present services with certified partners to enjoy experiences with all the security; We present our guests with a basket of regional products.\",\"sameAs\":[\"http:\\\/\\\/madeirasuntravel.com\",\"https:\\\/\\\/www.facebook.com\\\/madeirasuntravel\\\/\",\"https:\\\/\\\/www.instagram.com\\\/madeirasuntravel\\\/\",\"https:\\\/\\\/x.com\\\/https:\\\/\\\/twitter.com\\\/SunMadeira\",\"https:\\\/\\\/www.youtube.com\\\/channel\\\/UCVmqF5CXJVcCJGXxXTdQ__g?view_as=subscriber\"],\"url\":\"https:\\\/\\\/behomie.com\\\/blog\\\/pt\\\/author\\\/madeirasuntravel\\\/\"}]}<\/script>\n<!-- \/ Yoast SEO plugin. -->","yoast_head_json":{"title":"Primavera na Ilha da MADEIRA! - Blog","robots":{"index":"index","follow":"follow","max-snippet":"max-snippet:-1","max-image-preview":"max-image-preview:large","max-video-preview":"max-video-preview:-1"},"canonical":"https:\/\/behomie.com\/blog\/pt\/primavera-na-ilha-da-madeira\/","og_locale":"en_US","og_type":"article","og_title":"Primavera na Ilha da MADEIRA! - Blog","og_description":"Precisa de viajar, espairecer, conhecer outras culturas e sabores, novas experi\u00eancias ou at\u00e9 mesmo apenas relaxar!!!! Agora tem a oportunidade de usufruir de estadias a pre\u00e7os mais baixos, seja em um fim-de-semana ou apenas uma escapadinha durante a semana para conhecer a cidade do Funchal e todos os sabores e experi\u00eancias que a rodeiam. Na [&hellip;]","og_url":"https:\/\/behomie.com\/blog\/pt\/primavera-na-ilha-da-madeira\/","og_site_name":"Blog","article_author":"https:\/\/www.facebook.com\/madeirasuntravel\/","article_published_time":"2021-04-15T15:26:09+00:00","article_modified_time":"2025-08-28T07:53:05+00:00","og_image":[{"width":700,"height":360,"url":"https:\/\/behomie.com\/blog\/wp-content\/uploads\/2020\/08\/FestadaFlor8_700x360.jpg","type":"image\/jpeg"}],"author":"madeirasuntravel","twitter_card":"summary_large_image","twitter_creator":"@https:\/\/twitter.com\/SunMadeira","twitter_misc":{"Written by":"madeirasuntravel","Est. reading time":"3 minutes"},"schema":{"@context":"https:\/\/schema.org","@graph":[{"@type":"Article","@id":"https:\/\/behomie.com\/blog\/pt\/primavera-na-ilha-da-madeira\/#article","isPartOf":{"@id":"https:\/\/behomie.com\/blog\/pt\/primavera-na-ilha-da-madeira\/"},"author":{"name":"madeirasuntravel","@id":"https:\/\/behomie.com\/blog\/pt\/#\/schema\/person\/2a192114891b05968d0feddebbf0ee10"},"headline":"Primavera na Ilha da MADEIRA!","datePublished":"2021-04-15T15:26:09+00:00","dateModified":"2025-08-28T07:53:05+00:00","mainEntityOfPage":{"@id":"https:\/\/behomie.com\/blog\/pt\/primavera-na-ilha-da-madeira\/"},"wordCount":195,"commentCount":0,"image":{"@id":"https:\/\/behomie.com\/blog\/pt\/primavera-na-ilha-da-madeira\/#primaryimage"},"thumbnailUrl":"https:\/\/behomie.com\/blog\/wp-content\/uploads\/2020\/08\/FestadaFlor8_700x360.jpg","keywords":["apartments","expotropical","Funchal","gastronomia","Madeira","Madeira Sun Travel","novo logotipo","oferta","Primavera","promo\u00e7\u00e3o ilha da Madeira","sabores","semana da lampreia","tropicais"],"articleSection":["Madeira"],"inLanguage":"en-NZ","potentialAction":[{"@type":"CommentAction","name":"Comment","target":["https:\/\/behomie.com\/blog\/pt\/primavera-na-ilha-da-madeira\/#respond"]}]},{"@type":"WebPage","@id":"https:\/\/behomie.com\/blog\/pt\/primavera-na-ilha-da-madeira\/","url":"https:\/\/behomie.com\/blog\/pt\/primavera-na-ilha-da-madeira\/","name":"Primavera na Ilha da MADEIRA! - Blog","isPartOf":{"@id":"https:\/\/behomie.com\/blog\/pt\/#website"},"primaryImageOfPage":{"@id":"https:\/\/behomie.com\/blog\/pt\/primavera-na-ilha-da-madeira\/#primaryimage"},"image":{"@id":"https:\/\/behomie.com\/blog\/pt\/primavera-na-ilha-da-madeira\/#primaryimage"},"thumbnailUrl":"https:\/\/behomie.com\/blog\/wp-content\/uploads\/2020\/08\/FestadaFlor8_700x360.jpg","datePublished":"2021-04-15T15:26:09+00:00","dateModified":"2025-08-28T07:53:05+00:00","author":{"@id":"https:\/\/behomie.com\/blog\/pt\/#\/schema\/person\/2a192114891b05968d0feddebbf0ee10"},"breadcrumb":{"@id":"https:\/\/behomie.com\/blog\/pt\/primavera-na-ilha-da-madeira\/#breadcrumb"},"inLanguage":"en-NZ","potentialAction":[{"@type":"ReadAction","target":["https:\/\/behomie.com\/blog\/pt\/primavera-na-ilha-da-madeira\/"]}]},{"@type":"ImageObject","inLanguage":"en-NZ","@id":"https:\/\/behomie.com\/blog\/pt\/primavera-na-ilha-da-madeira\/#primaryimage","url":"https:\/\/behomie.com\/blog\/wp-content\/uploads\/2020\/08\/FestadaFlor8_700x360.jpg","contentUrl":"https:\/\/behomie.com\/blog\/wp-content\/uploads\/2020\/08\/FestadaFlor8_700x360.jpg","width":700,"height":360},{"@type":"BreadcrumbList","@id":"https:\/\/behomie.com\/blog\/pt\/primavera-na-ilha-da-madeira\/#breadcrumb","itemListElement":[{"@type":"ListItem","position":1,"name":"Home","item":"https:\/\/behomie.com\/blog\/pt\/"},{"@type":"ListItem","position":2,"name":"Primavera na Ilha da MADEIRA!"}]},{"@type":"WebSite","@id":"https:\/\/behomie.com\/blog\/pt\/#website","url":"https:\/\/behomie.com\/blog\/pt\/","name":"Blog","description":"Madeira holiday rentals","potentialAction":[{"@type":"SearchAction","target":{"@type":"EntryPoint","urlTemplate":"https:\/\/behomie.com\/blog\/pt\/?s={search_term_string}"},"query-input":{"@type":"PropertyValueSpecification","valueRequired":true,"valueName":"search_term_string"}}],"inLanguage":"en-NZ"},{"@type":"Person","@id":"https:\/\/behomie.com\/blog\/pt\/#\/schema\/person\/2a192114891b05968d0feddebbf0ee10","name":"madeirasuntravel","image":{"@type":"ImageObject","inLanguage":"en-NZ","@id":"https:\/\/secure.gravatar.com\/avatar\/3916c4d4d84b629eb438e00cb71a74443c4d691f2ee87d5ed60b20c104e57d14?s=96&d=mm&r=g","url":"https:\/\/secure.gravatar.com\/avatar\/3916c4d4d84b629eb438e00cb71a74443c4d691f2ee87d5ed60b20c104e57d14?s=96&d=mm&r=g","contentUrl":"https:\/\/secure.gravatar.com\/avatar\/3916c4d4d84b629eb438e00cb71a74443c4d691f2ee87d5ed60b20c104e57d14?s=96&d=mm&r=g","caption":"madeirasuntravel"},"description":"MADEIRA SUN TRAVEL Madeira Sun Travel is one of the main local accommodation management companies in the archipelago of Madeira. Since 2017, we have managed properties and received our guests with the utmost professionalism, providing them with an excellent stay. Madeira Sun Travel Staff, composed of several professionals with diverse experiences, in tourist activity, commit daily from the Pre-reservations moment until the end of the stays, so that they are memorable, with recognition translated 'reviews' by the guests. We wish all our guests a memorable stay, and welcome to the archipelago of Madeira!! Madeira Sun Travel procedures: We form our team with specific training to receive our guests with all the security; We maintain our 24-hour Guest Support Service; We adopt the online check-in service keeping only the key delivery and the welcome service in person; We increase direct contact, online, with the client for preparing their stay; We reinforce the cleaning and disinfection of accommodation between stays; We offer cleaning and disinfection products in the accommodations; We offer a prevention kit per customer; We present services with certified partners to enjoy experiences with all the security; We present our guests with a basket of regional products.","sameAs":["http:\/\/madeirasuntravel.com","https:\/\/www.facebook.com\/madeirasuntravel\/","https:\/\/www.instagram.com\/madeirasuntravel\/","https:\/\/x.com\/https:\/\/twitter.com\/SunMadeira","https:\/\/www.youtube.com\/channel\/UCVmqF5CXJVcCJGXxXTdQ__g?view_as=subscriber"],"url":"https:\/\/behomie.com\/blog\/pt\/author\/madeirasuntravel\/"}]}},"_links":{"self":[{"href":"https:\/\/behomie.com\/blog\/pt\/wp-json\/wp\/v2\/posts\/135","targetHints":{"allow":["GET"]}}],"collection":[{"href":"https:\/\/behomie.com\/blog\/pt\/wp-json\/wp\/v2\/posts"}],"about":[{"href":"https:\/\/behomie.com\/blog\/pt\/wp-json\/wp\/v2\/types\/post"}],"author":[{"embeddable":true,"href":"https:\/\/behomie.com\/blog\/pt\/wp-json\/wp\/v2\/users\/2"}],"replies":[{"embeddable":true,"href":"https:\/\/behomie.com\/blog\/pt\/wp-json\/wp\/v2\/comments?post=135"}],"version-history":[{"count":4,"href":"https:\/\/behomie.com\/blog\/pt\/wp-json\/wp\/v2\/posts\/135\/revisions"}],"predecessor-version":[{"id":465,"href":"https:\/\/behomie.com\/blog\/pt\/wp-json\/wp\/v2\/posts\/135\/revisions\/465"}],"wp:featuredmedia":[{"embeddable":true,"href":"https:\/\/behomie.com\/blog\/pt\/wp-json\/wp\/v2\/media\/41"}],"wp:attachment":[{"href":"https:\/\/behomie.com\/blog\/pt\/wp-json\/wp\/v2\/media?parent=135"}],"wp:term":[{"taxonomy":"category","embeddable":true,"href":"https:\/\/behomie.com\/blog\/pt\/wp-json\/wp\/v2\/categories?post=135"},{"taxonomy":"post_tag","embeddable":true,"href":"https:\/\/behomie.com\/blog\/pt\/wp-json\/wp\/v2\/tags?post=135"}],"curies":[{"name":"wp","href":"https:\/\/api.w.org\/{rel}","templated":true}]}}