{"id":1778,"date":"2026-08-26T09:50:54","date_gmt":"2026-08-26T09:50:54","guid":{"rendered":"https:\/\/behomie.com\/blog\/grottes-de-sao-vicente\/"},"modified":"2026-08-26T09:50:55","modified_gmt":"2026-08-26T09:50:55","slug":"grottes-de-sao-vicente","status":"publish","type":"post","link":"https:\/\/behomie.com\/blog\/fr\/grottes-de-sao-vicente\/","title":{"rendered":"Ce qui est r\u00e9ellement ouvert aux grottes de S\u00e3o Vicente en ce moment"},"content":{"rendered":"\n<p>Sur la c\u00f4te nord de Mad\u00e8re se trouve le village de <strong>S\u00e3o Vicente Madeira<\/strong>. Il est surtout connu pour les <strong>Grottes de S\u00e3o Vicente Madeira<\/strong>, un r\u00e9seau de tubes de lave form\u00e9 par une \u00e9ruption il y a pr\u00e8s d\u2019un million d\u2019ann\u00e9es.   <\/p>\n\n<p>Ce guide pr\u00e9sente la g\u00e9ologie \u00e0 l\u2019origine des grottes, ce qui est actuellement ouvert \u00e0 la visite, ce que le village a d\u2019autre \u00e0 offrir, ainsi que des conseils pratiques pour s\u2019y rendre.<\/p>\n\n<h2 class=\"wp-block-heading\">Ce qu\u2019il faut savoir sur S\u00e3o Vicente Madeira<\/h2>\n\n<p><strong>S\u00e3o Vicente<\/strong> se situe sur la c\u00f4te nord de Mad\u00e8re, \u00e0 environ 40 minutes en voiture de <a href=\"https:\/\/behomie.com\/blog\/fr\/funchal-guide\/\">Funchal<\/a>.  <\/p>\n\n<p>Le village lui-m\u00eame est petit et se parcourt facilement \u00e0 pied, avec une \u00e9glise blanchie \u00e0 la chaux du XVIIe si\u00e8cle (<em>Igreja de S\u00e3o Vicente<\/em>) install\u00e9e au bord d\u2019un ruisseau, et de raides collines verdoyantes qui s\u2019\u00e9l\u00e8vent derri\u00e8re.  <\/p>\n\n<p>C\u2019est un excellent point de d\u00e9part pour explorer la c\u00f4te nord de Mad\u00e8re, avec <a href=\"https:\/\/behomie.com\/blog\/fr\/choses-faire-madere\/\">Porto Moniz et ses piscines volcaniques<\/a> \u00e0 quelques minutes de route, et la for\u00eat de Laurissilva, site class\u00e9 au patrimoine mondial de l\u2019UNESCO, sur les hauteurs.<\/p>\n\n<iframe src=\"https:\/\/www.google.com\/maps\/embed?pb=!1m18!1m12!1m3!1d26830.331939234344!2d-17.059462252980868!3d32.7977874826506!2m3!1f0!2f0!3f0!3m2!1i1024!2i768!4f13.1!3m3!1m2!1s0xd186c366529c979%3A0xbc327923df1aa5fc!2sS%C3%A3o%20Vicente%20Caves!5e0!3m2!1ses!2ses!4v1783513202881!5m2!1ses!2ses\" width=\"600\" height=\"450\" style=\"border:0;\" allowfullscreen=\"\" loading=\"lazy\" referrerpolicy=\"strict-origin-when-cross-origin\"><\/iframe>\n\n<h2 class=\"wp-block-heading\">Explorez les grottes de S\u00e3o Vicente et le Centre du volcanisme<\/h2>\n\n<p>Les <strong>Grottes de S\u00e3o Vicente Madeira<\/strong> comptent parmi les premi\u00e8res grottes volcaniques de ce type \u00e0 avoir \u00e9t\u00e9 ouvertes au public, partout au Portugal.  <\/p>\n\n<p>Elles se trouvent sur la rive nord de la rivi\u00e8re qui coupe le village en deux, sur un site appel\u00e9 <em>P\u00e9 do Passo<\/em>, et ont \u00e9t\u00e9 d\u00e9couvertes par des habitants en 1885.<\/p>\n\n<p><strong>Mise \u00e0 jour importante pour toute personne pr\u00e9voyant une visite<\/strong> : les grottes sont ferm\u00e9es au public depuis 2020 \u00e0 la suite d\u2019une expertise g\u00e9otechnique. Celle-ci a conclu que certaines parties du r\u00e9seau de tunnels volcaniques \u00e9taient structurellement instables, avec des formations rocheuses susceptibles de se d\u00e9tacher. <\/p>\n\n<p>La bonne nouvelle, c\u2019est que le <strong>Centre du volcanisme<\/strong> lui-m\u00eame, ainsi que les jardins environnants, a continu\u00e9 de fonctionner ind\u00e9pendamment de la fermeture des grottes.<\/p>\n\n<p>Le centre utilise des dispositifs audiovisuels et une descente simul\u00e9e pour expliquer la formation des \u00eeles.<\/p>\n\n<ul class=\"wp-block-list\">\n<li><strong>Ce que contiennent les grottes (lorsqu\u2019elles sont ouvertes) :<\/strong> des stalactites volcaniques, des \u00ab g\u00e2teaux de lave \u00bb form\u00e9s par l\u2019accumulation de roche en fusion, et un bloc erratique, une grosse pierre transport\u00e9e par la coul\u00e9e de lave et rest\u00e9e coinc\u00e9e dans l\u2019un des tunnels<\/li>\n\n\n\n<li><strong>Longueur visitable (lorsque c\u2019est ouvert) :<\/strong> environ 700 m\u00e8tres sur l\u2019ensemble du r\u00e9seau de tunnels de plus de 1\u202f000 m\u00e8tres<\/li>\n\n\n\n<li><strong>Hauteur des tunnels :<\/strong> varie entre 5 et 6 m\u00e8tres aux points les plus hauts<\/li>\n\n\n\n<li><strong>Accessibilit\u00e9 :<\/strong> les grottes ne sont pas accessibles aux fauteuils roulants en raison d\u2019un terrain souterrain irr\u00e9gulier ; le Centre du volcanisme et les jardins en surface le sont g\u00e9n\u00e9ralement<\/li>\n\n\n\n<li><strong>Tarif d\u2019entr\u00e9e habituel (lorsque tout est pleinement ouvert) :<\/strong> environ 8 \u20ac pour les adultes, avec des tarifs r\u00e9duits pour les enfants et les seniors<\/li>\n<\/ul>\n\n<figure class=\"wp-block-image size-large\"><img fetchpriority=\"high\" decoding=\"async\" width=\"1024\" height=\"768\" src=\"https:\/\/behomie.com\/blog\/wp-content\/uploads\/2026\/07\/Sao-Vicente-Caves-1024x768.webp\" alt=\"\" class=\"wp-image-1763\" srcset=\"https:\/\/behomie.com\/blog\/wp-content\/uploads\/2026\/07\/Sao-Vicente-Caves-1024x768.webp 1024w, https:\/\/behomie.com\/blog\/wp-content\/uploads\/2026\/07\/Sao-Vicente-Caves-300x225.webp 300w, https:\/\/behomie.com\/blog\/wp-content\/uploads\/2026\/07\/Sao-Vicente-Caves-768x576.webp 768w, https:\/\/behomie.com\/blog\/wp-content\/uploads\/2026\/07\/Sao-Vicente-Caves.webp 1360w\" sizes=\"(max-width: 1024px) 100vw, 1024px\" \/><\/figure>\n\n<h2 class=\"wp-block-heading\">G\u00e9ologie et formation des conduits volcaniques<\/h2>\n\n<p>Ce qui rend les <strong>Grottes de S\u00e3o Vicente Madeira<\/strong> scientifiquement int\u00e9ressantes, c\u2019est la mani\u00e8re dont elles se sont form\u00e9es.  <\/p>\n\n<p>L\u2019\u00e9ruption \u00e0 l\u2019origine du ph\u00e9nom\u00e8ne est partie du <strong>plateau de Paul da Serra<\/strong> et a envoy\u00e9 la lave s\u2019\u00e9couler vers la mer. Lorsque la roche en fusion a atteint la surface et les bords externes, elle a refroidi et s\u2019est solidifi\u00e9e rapidement au contact de l\u2019air et des roches plus froids, formant une cro\u00fbte externe durcie. \u00c0 l\u2019int\u00e9rieur de cette cro\u00fbte, la lave encore en fusion, charg\u00e9e de gaz dissous, a continu\u00e9 de s\u2019\u00e9couler puis de se drainer une fois l\u2019\u00e9ruption retomb\u00e9e, laissant derri\u00e8re elle un r\u00e9seau creux de tunnels : des tubes de lave classiques.  <\/p>\n\n<p>On estime que l\u2019\u00e9ruption qui a cr\u00e9\u00e9 les <strong>Grottes de S\u00e3o Vicente Madeira<\/strong> s\u2019est produite il y a environ 890\u202f000 ans, ce qui fait de ce r\u00e9seau de tunnels l\u2019un des plus anciens \u00e9l\u00e9ments volcaniques document\u00e9s sur l\u2019\u00eele, m\u00eame si l\u2019histoire g\u00e9ologique de Mad\u00e8re dans son ensemble remonte \u00e0 plusieurs millions d\u2019ann\u00e9es suppl\u00e9mentaires.  <\/p>\n\n<figure class=\"wp-block-image size-large\"><img decoding=\"async\" width=\"1024\" height=\"683\" src=\"https:\/\/behomie.com\/blog\/wp-content\/uploads\/2026\/07\/Sao-Vicente-Caves-madeira-1024x683.webp\" alt=\"\" class=\"wp-image-1768\" srcset=\"https:\/\/behomie.com\/blog\/wp-content\/uploads\/2026\/07\/Sao-Vicente-Caves-madeira-1024x683.webp 1024w, https:\/\/behomie.com\/blog\/wp-content\/uploads\/2026\/07\/Sao-Vicente-Caves-madeira-300x200.webp 300w, https:\/\/behomie.com\/blog\/wp-content\/uploads\/2026\/07\/Sao-Vicente-Caves-madeira-768x512.webp 768w, https:\/\/behomie.com\/blog\/wp-content\/uploads\/2026\/07\/Sao-Vicente-Caves-madeira.webp 1360w\" sizes=\"(max-width: 1024px) 100vw, 1024px\" \/><\/figure>\n\n<h2 class=\"wp-block-heading\">Informations visiteurs pour les grottes de S\u00e3o Vicente<\/h2>\n\n<figure class=\"wp-block-table\"><table><thead><tr><th>Question<\/th><th>Situation actuelle<\/th><\/tr><\/thead><tbody><tr><td>Les grottes sont-elles ouvertes ?<\/td><td>Non, ferm\u00e9es depuis 2020 pour des travaux de stabilisation structurelle<\/td><\/tr><tr><td>Le Centre du volcanisme est-il ouvert ?<\/td><td>V\u00e9rifiez le statut actuel sur place ; il a parfois fonctionn\u00e9 ind\u00e9pendamment des grottes<\/td><\/tr><tr><td>R\u00e9ouverture pr\u00e9vue<\/td><td>Une r\u00e9ouverture par phases est possible ; le calendrier complet reste incertain au moment de la r\u00e9daction<\/td><\/tr><tr><td>Adresse<\/td><td>S\u00edtio do P\u00e9 do Passo, S\u00e3o Vicente<\/td><\/tr><tr><td>Horaires d\u2019ouverture standard (lorsque le site est pleinement op\u00e9rationnel)<\/td><td>Tous les jours, de 10h00 \u00e0 19h00 (ferm\u00e9 le 25 d\u00e9cembre)<\/td><\/tr><tr><td>Acc\u00e8s en fauteuil roulant<\/td><td>Grottes : non. Jardins et centre : g\u00e9n\u00e9ralement oui <\/td><\/tr><\/tbody><\/table><\/figure>\n\n<p>Si les grottes restent ferm\u00e9es pendant votre voyage, ce n\u2019est pas une raison pour renoncer \u00e0 S\u00e3o Vicente. Le village, la route c\u00f4ti\u00e8re et les sites naturels alentour justifient largement le d\u00e9tour \u00e0 eux seuls, et plusieurs attractions proches permettent de d\u00e9couvrir une g\u00e9ologie volcanique similaire en surface. <\/p>\n\n<h2 class=\"wp-block-heading\">Que voir dans le village de S\u00e3o Vicente<\/h2>\n\n<p>M\u00eame en mettant les grottes de c\u00f4t\u00e9, <strong>S\u00e3o Vicente<\/strong> offre de quoi remplir confortablement une visite d\u2019une demi-journ\u00e9e.<\/p>\n\n<ul class=\"wp-block-list\">\n<li><strong>Igreja de S\u00e3o Vicente :<\/strong> une \u00e9glise paroissiale du XVIIe si\u00e8cle blanchie \u00e0 la chaux, avec des finitions en basalte noir, situ\u00e9e au bord de la rivi\u00e8re qui traverse le village. L\u2019un des b\u00e2timents les plus photographi\u00e9s de S\u00e3o Vicente. <\/li>\n\n\n\n<li><strong>Capela de Nossa Senhora de F\u00e1tima :<\/strong> construite en 1948 pour comm\u00e9morer la fin de la Seconde Guerre mondiale, cette chapelle se trouve sur une colline accessible par 175 marches. L\u2019ascension vous r\u00e9compense par des vues sur la for\u00eat de Laurissilva, le village en contrebas et l\u2019Atlantique. <\/li>\n\n\n\n<li><strong>Quinta do Barbusano :<\/strong> un domaine viticole en activit\u00e9 sur les hauteurs du village, proposant des d\u00e9gustations et des visites de ses vignobles. \u00c0 combiner avec une promenade si vous venez \u00e0 pied. <\/li>\n\n\n\n<li><strong>Le centre du village au bord de la rivi\u00e8re :<\/strong> des rues pav\u00e9es traditionnelles et de petits caf\u00e9s se pr\u00eatent \u00e0 une balade facile, surtout en fin d\u2019apr\u00e8s-midi lorsque la lumi\u00e8re frappe les pentes environnantes.<\/li>\n\n\n\n<li><strong>Points de vue c\u00f4tiers :<\/strong> plusieurs miradouros le long de la route de la c\u00f4te nord pr\u00e8s de S\u00e3o Vicente offrent de vastes panoramas sur les falaises et l\u2019oc\u00e9an, particuli\u00e8rement spectaculaires par temps clair.<\/li>\n<\/ul>\n\n<h2 class=\"wp-block-heading\">Conseils utiles pour votre voyage \u00e0 Mad\u00e8re<\/h2>\n\n<figure class=\"wp-block-table\"><table><thead><tr><th>Conseil<\/th><th>\u00c0 savoir<\/th><\/tr><\/thead><tbody><tr><td>Comment s&rsquo;y rendre<\/td><td>Environ 40 minutes en voiture depuis Funchal via la VE4 et des routes de montagne. La location de voiture est l\u2019option la plus flexible pour la c\u00f4te nord. <\/td><\/tr><tr><td>Transports publics<\/td><td>Des bus partent de Funchal, mais n\u00e9cessitent g\u00e9n\u00e9ralement une correspondance ; les temps de trajet sont plus longs qu\u2019en voiture.<\/td><\/tr><tr><td>\u00c9tat des routes<\/td><td>Routes de montagne sinueuses, bien entretenues mais \u00e9troites par endroits. Pr\u00e9voyez du temps suppl\u00e9mentaire, surtout par mauvais temps. <\/td><\/tr><tr><td>Meilleure p\u00e9riode pour visiter<\/td><td>Le printemps et l\u2019automne offrent des temp\u00e9ratures plus douces ; la c\u00f4te nord peut \u00eatre plus fra\u00eeche et plus nuageuse que Funchal toute l\u2019ann\u00e9e.<\/td><\/tr><tr><td>Que porter<\/td><td>Des chaussures de marche confortables pour les rues pav\u00e9es du village et les 175 marches menant \u00e0 la chapelle.<\/td><\/tr><tr><td>\u00c0 combiner avec<\/td><td>Les piscines naturelles de Porto Moniz et la plage de sable noir de Seixal, toutes deux \u00e0 moins de 30 minutes de route.<\/td><\/tr><\/tbody><\/table><\/figure>\n\n<h3 class=\"wp-block-heading\">Liste des incontournables \u00e0 S\u00e3o Vicente<\/h3>\n\n<ul class=\"wp-block-list\">\n<li>Parcourir le centre du village et visiter l\u2019Igreja de S\u00e3o Vicente<\/li>\n\n\n\n<li>Monter les 175 marches jusqu\u2019\u00e0 la Capela de Nossa Senhora de F\u00e1tima pour la vue<\/li>\n\n\n\n<li>V\u00e9rifier le statut le plus r\u00e9cent du Centre du volcanisme et des grottes avant votre visite<\/li>\n\n\n\n<li>Visiter Quinta do Barbusano pour une d\u00e9gustation de vin sur les hauteurs du village<\/li>\n\n\n\n<li>Continuer le long de la route c\u00f4ti\u00e8re jusqu\u2019\u00e0 Porto Moniz ou Seixal pour une journ\u00e9e compl\u00e8te sur la c\u00f4te nord<\/li>\n<\/ul>\n\n<h2 class=\"wp-block-heading\">R\u00e9servez votre visite \u00e0 S\u00e3o Vicente d\u00e8s aujourd\u2019hui<\/h2>\n\n<p><strong>S\u00e3o Vicente Madeira<\/strong> raconte l\u2019histoire des origines volcaniques de l\u2019\u00eele d\u2019une mani\u00e8re que peu d\u2019autres villages de Mad\u00e8re peuvent offrir.<\/p>\n\n<p>Que vous soyez attir\u00e9 par l\u2019histoire volcanique, par le village au bord de la rivi\u00e8re ou par le vaste littoral \u00e0 proximit\u00e9, S\u00e3o Vicente constitue une excellente excursion d\u2019une journ\u00e9e, qui en vaut la peine.  <\/p>\n\n<p><a href=\"https:\/\/behomie.com\/\">Homie<\/a> propose un \u00e9ventail d\u2019h\u00e9bergements de vacances \u00e0 <strong>S\u00e3o Vicente<\/strong> et dans les environs, vous pla\u00e7ant \u00e0 proximit\u00e9 du village, de la route de la c\u00f4te nord et de la for\u00eat de Laurissilva.  <\/p>\n\n<p>Parcourez les <a href=\"https:\/\/behomie.com\/fr\/location-vacances-sao-vicente\/\">h\u00e9bergements \u00e0 S\u00e3o Vicente avec Homie<\/a> et r\u00e9servez votre s\u00e9jour d\u00e8s aujourd\u2019hui !<\/p>\n","protected":false},"excerpt":{"rendered":"<p>Sur la c\u00f4te nord de Mad\u00e8re se trouve le village de S\u00e3o Vicente Madeira. Il est surtout connu pour les Grottes de S\u00e3o Vicente Madeira, un r\u00e9seau de tubes de lave form\u00e9 par une \u00e9ruption il y a pr\u00e8s d\u2019un million d\u2019ann\u00e9es. Ce guide pr\u00e9sente la g\u00e9ologie \u00e0 l\u2019origine des grottes, ce qui est actuellement [&hellip;]<\/p>\n","protected":false},"author":4,"featured_media":1773,"comment_status":"open","ping_status":"open","sticky":false,"template":"","format":"standard","meta":{"footnotes":""},"categories":[43],"tags":[],"class_list":["post-1778","post","type-post","status-publish","format-standard","has-post-thumbnail","hentry","category-madeira"],"yoast_head":"<!-- This site is optimized with the Yoast SEO plugin v27.8 - https:\/\/yoast.com\/product\/yoast-seo-wordpress\/ -->\n<title>Ce qui est r\u00e9ellement ouvert aux grottes de S\u00e3o Vicente en ce moment - Blog<\/title>\n<meta name=\"description\" content=\"Explorez les fascinantes grottes de S\u00e3o Vicente \u00e0 Mad\u00e8re. Admirez des paysages volcaniques uniques et vivez une aventure inoubliable.\" \/>\n<meta name=\"robots\" content=\"index, follow, max-snippet:-1, max-image-preview:large, max-video-preview:-1\" \/>\n<link rel=\"canonical\" href=\"https:\/\/behomie.com\/blog\/fr\/grottes-de-sao-vicente\/\" \/>\n<meta property=\"og:locale\" content=\"fr_FR\" \/>\n<meta property=\"og:type\" content=\"article\" \/>\n<meta property=\"og:title\" content=\"Ce qui est r\u00e9ellement ouvert aux grottes de S\u00e3o Vicente en ce moment - Blog\" \/>\n<meta property=\"og:description\" content=\"Explorez les fascinantes grottes de S\u00e3o Vicente \u00e0 Mad\u00e8re. Admirez des paysages volcaniques uniques et vivez une aventure inoubliable.\" \/>\n<meta property=\"og:url\" content=\"https:\/\/behomie.com\/blog\/fr\/grottes-de-sao-vicente\/\" \/>\n<meta property=\"og:site_name\" content=\"Blog\" \/>\n<meta property=\"article:published_time\" content=\"2026-08-26T09:50:54+00:00\" \/>\n<meta property=\"article:modified_time\" content=\"2026-08-26T09:50:55+00:00\" \/>\n<meta property=\"og:image\" content=\"https:\/\/behomie.com\/blog\/wp-content\/uploads\/2026\/07\/Sao-Vicente-Caves-inside.webp\" \/>\n\t<meta property=\"og:image:width\" content=\"1360\" \/>\n\t<meta property=\"og:image:height\" content=\"1020\" \/>\n\t<meta property=\"og:image:type\" content=\"image\/webp\" \/>\n<meta name=\"author\" content=\"Maral\" \/>\n<meta name=\"twitter:card\" content=\"summary_large_image\" \/>\n<meta name=\"twitter:label1\" content=\"\u00c9crit par\" \/>\n\t<meta name=\"twitter:data1\" content=\"Maral\" \/>\n\t<meta name=\"twitter:label2\" content=\"Dur\u00e9e de lecture estim\u00e9e\" \/>\n\t<meta name=\"twitter:data2\" content=\"8 minutes\" \/>\n<script type=\"application\/ld+json\" class=\"yoast-schema-graph\">{\"@context\":\"https:\\\/\\\/schema.org\",\"@graph\":[{\"@type\":\"Article\",\"@id\":\"https:\\\/\\\/behomie.com\\\/blog\\\/fr\\\/grottes-de-sao-vicente\\\/#article\",\"isPartOf\":{\"@id\":\"https:\\\/\\\/behomie.com\\\/blog\\\/fr\\\/grottes-de-sao-vicente\\\/\"},\"author\":{\"name\":\"Maral\",\"@id\":\"https:\\\/\\\/behomie.com\\\/blog\\\/fr\\\/#\\\/schema\\\/person\\\/3b19d1cfa3ac1cd6fa5faaed1f459cc8\"},\"headline\":\"Ce qui est r\u00e9ellement ouvert aux grottes de S\u00e3o Vicente en ce moment\",\"datePublished\":\"2026-08-26T09:50:54+00:00\",\"dateModified\":\"2026-08-26T09:50:55+00:00\",\"mainEntityOfPage\":{\"@id\":\"https:\\\/\\\/behomie.com\\\/blog\\\/fr\\\/grottes-de-sao-vicente\\\/\"},\"wordCount\":1533,\"commentCount\":0,\"image\":{\"@id\":\"https:\\\/\\\/behomie.com\\\/blog\\\/fr\\\/grottes-de-sao-vicente\\\/#primaryimage\"},\"thumbnailUrl\":\"https:\\\/\\\/behomie.com\\\/blog\\\/wp-content\\\/uploads\\\/2026\\\/07\\\/Sao-Vicente-Caves-inside.webp\",\"articleSection\":[\"Madeira\"],\"inLanguage\":\"fr-FR\",\"potentialAction\":[{\"@type\":\"CommentAction\",\"name\":\"Comment\",\"target\":[\"https:\\\/\\\/behomie.com\\\/blog\\\/fr\\\/grottes-de-sao-vicente\\\/#respond\"]}]},{\"@type\":\"WebPage\",\"@id\":\"https:\\\/\\\/behomie.com\\\/blog\\\/fr\\\/grottes-de-sao-vicente\\\/\",\"url\":\"https:\\\/\\\/behomie.com\\\/blog\\\/fr\\\/grottes-de-sao-vicente\\\/\",\"name\":\"Ce qui est r\u00e9ellement ouvert aux grottes de S\u00e3o Vicente en ce moment - Blog\",\"isPartOf\":{\"@id\":\"https:\\\/\\\/behomie.com\\\/blog\\\/fr\\\/#website\"},\"primaryImageOfPage\":{\"@id\":\"https:\\\/\\\/behomie.com\\\/blog\\\/fr\\\/grottes-de-sao-vicente\\\/#primaryimage\"},\"image\":{\"@id\":\"https:\\\/\\\/behomie.com\\\/blog\\\/fr\\\/grottes-de-sao-vicente\\\/#primaryimage\"},\"thumbnailUrl\":\"https:\\\/\\\/behomie.com\\\/blog\\\/wp-content\\\/uploads\\\/2026\\\/07\\\/Sao-Vicente-Caves-inside.webp\",\"datePublished\":\"2026-08-26T09:50:54+00:00\",\"dateModified\":\"2026-08-26T09:50:55+00:00\",\"author\":{\"@id\":\"https:\\\/\\\/behomie.com\\\/blog\\\/fr\\\/#\\\/schema\\\/person\\\/3b19d1cfa3ac1cd6fa5faaed1f459cc8\"},\"description\":\"Explorez les fascinantes grottes de S\u00e3o Vicente \u00e0 Mad\u00e8re. Admirez des paysages volcaniques uniques et vivez une aventure inoubliable.\",\"breadcrumb\":{\"@id\":\"https:\\\/\\\/behomie.com\\\/blog\\\/fr\\\/grottes-de-sao-vicente\\\/#breadcrumb\"},\"inLanguage\":\"fr-FR\",\"potentialAction\":[{\"@type\":\"ReadAction\",\"target\":[\"https:\\\/\\\/behomie.com\\\/blog\\\/fr\\\/grottes-de-sao-vicente\\\/\"]}]},{\"@type\":\"ImageObject\",\"inLanguage\":\"fr-FR\",\"@id\":\"https:\\\/\\\/behomie.com\\\/blog\\\/fr\\\/grottes-de-sao-vicente\\\/#primaryimage\",\"url\":\"https:\\\/\\\/behomie.com\\\/blog\\\/wp-content\\\/uploads\\\/2026\\\/07\\\/Sao-Vicente-Caves-inside.webp\",\"contentUrl\":\"https:\\\/\\\/behomie.com\\\/blog\\\/wp-content\\\/uploads\\\/2026\\\/07\\\/Sao-Vicente-Caves-inside.webp\",\"width\":1360,\"height\":1020,\"caption\":\"S\u00e3o Vicente Caves inside\"},{\"@type\":\"BreadcrumbList\",\"@id\":\"https:\\\/\\\/behomie.com\\\/blog\\\/fr\\\/grottes-de-sao-vicente\\\/#breadcrumb\",\"itemListElement\":[{\"@type\":\"ListItem\",\"position\":1,\"name\":\"Home\",\"item\":\"https:\\\/\\\/behomie.com\\\/blog\\\/fr\\\/\"},{\"@type\":\"ListItem\",\"position\":2,\"name\":\"Ce qui est r\u00e9ellement ouvert aux grottes de S\u00e3o Vicente en ce moment\"}]},{\"@type\":\"WebSite\",\"@id\":\"https:\\\/\\\/behomie.com\\\/blog\\\/fr\\\/#website\",\"url\":\"https:\\\/\\\/behomie.com\\\/blog\\\/fr\\\/\",\"name\":\"Blog\",\"description\":\"Madeira holiday rentals\",\"potentialAction\":[{\"@type\":\"SearchAction\",\"target\":{\"@type\":\"EntryPoint\",\"urlTemplate\":\"https:\\\/\\\/behomie.com\\\/blog\\\/fr\\\/?s={search_term_string}\"},\"query-input\":{\"@type\":\"PropertyValueSpecification\",\"valueRequired\":true,\"valueName\":\"search_term_string\"}}],\"inLanguage\":\"fr-FR\"},{\"@type\":\"Person\",\"@id\":\"https:\\\/\\\/behomie.com\\\/blog\\\/fr\\\/#\\\/schema\\\/person\\\/3b19d1cfa3ac1cd6fa5faaed1f459cc8\",\"name\":\"Maral\",\"image\":{\"@type\":\"ImageObject\",\"inLanguage\":\"fr-FR\",\"@id\":\"https:\\\/\\\/secure.gravatar.com\\\/avatar\\\/d804353e8f67fa61fe64a503dcb7247981e2ba0f61d8e0cf872d45560a9cee7f?s=96&d=mm&r=g\",\"url\":\"https:\\\/\\\/secure.gravatar.com\\\/avatar\\\/d804353e8f67fa61fe64a503dcb7247981e2ba0f61d8e0cf872d45560a9cee7f?s=96&d=mm&r=g\",\"contentUrl\":\"https:\\\/\\\/secure.gravatar.com\\\/avatar\\\/d804353e8f67fa61fe64a503dcb7247981e2ba0f61d8e0cf872d45560a9cee7f?s=96&d=mm&r=g\",\"caption\":\"Maral\"},\"url\":\"https:\\\/\\\/behomie.com\\\/blog\\\/fr\\\/author\\\/maral\\\/\"}]}<\/script>\n<!-- \/ Yoast SEO plugin. -->","yoast_head_json":{"title":"Ce qui est r\u00e9ellement ouvert aux grottes de S\u00e3o Vicente en ce moment - Blog","description":"Explorez les fascinantes grottes de S\u00e3o Vicente \u00e0 Mad\u00e8re. Admirez des paysages volcaniques uniques et vivez une aventure inoubliable.","robots":{"index":"index","follow":"follow","max-snippet":"max-snippet:-1","max-image-preview":"max-image-preview:large","max-video-preview":"max-video-preview:-1"},"canonical":"https:\/\/behomie.com\/blog\/fr\/grottes-de-sao-vicente\/","og_locale":"fr_FR","og_type":"article","og_title":"Ce qui est r\u00e9ellement ouvert aux grottes de S\u00e3o Vicente en ce moment - Blog","og_description":"Explorez les fascinantes grottes de S\u00e3o Vicente \u00e0 Mad\u00e8re. Admirez des paysages volcaniques uniques et vivez une aventure inoubliable.","og_url":"https:\/\/behomie.com\/blog\/fr\/grottes-de-sao-vicente\/","og_site_name":"Blog","article_published_time":"2026-08-26T09:50:54+00:00","article_modified_time":"2026-08-26T09:50:55+00:00","og_image":[{"width":1360,"height":1020,"url":"https:\/\/behomie.com\/blog\/wp-content\/uploads\/2026\/07\/Sao-Vicente-Caves-inside.webp","type":"image\/webp"}],"author":"Maral","twitter_card":"summary_large_image","twitter_misc":{"\u00c9crit par":"Maral","Dur\u00e9e de lecture estim\u00e9e":"8 minutes"},"schema":{"@context":"https:\/\/schema.org","@graph":[{"@type":"Article","@id":"https:\/\/behomie.com\/blog\/fr\/grottes-de-sao-vicente\/#article","isPartOf":{"@id":"https:\/\/behomie.com\/blog\/fr\/grottes-de-sao-vicente\/"},"author":{"name":"Maral","@id":"https:\/\/behomie.com\/blog\/fr\/#\/schema\/person\/3b19d1cfa3ac1cd6fa5faaed1f459cc8"},"headline":"Ce qui est r\u00e9ellement ouvert aux grottes de S\u00e3o Vicente en ce moment","datePublished":"2026-08-26T09:50:54+00:00","dateModified":"2026-08-26T09:50:55+00:00","mainEntityOfPage":{"@id":"https:\/\/behomie.com\/blog\/fr\/grottes-de-sao-vicente\/"},"wordCount":1533,"commentCount":0,"image":{"@id":"https:\/\/behomie.com\/blog\/fr\/grottes-de-sao-vicente\/#primaryimage"},"thumbnailUrl":"https:\/\/behomie.com\/blog\/wp-content\/uploads\/2026\/07\/Sao-Vicente-Caves-inside.webp","articleSection":["Madeira"],"inLanguage":"fr-FR","potentialAction":[{"@type":"CommentAction","name":"Comment","target":["https:\/\/behomie.com\/blog\/fr\/grottes-de-sao-vicente\/#respond"]}]},{"@type":"WebPage","@id":"https:\/\/behomie.com\/blog\/fr\/grottes-de-sao-vicente\/","url":"https:\/\/behomie.com\/blog\/fr\/grottes-de-sao-vicente\/","name":"Ce qui est r\u00e9ellement ouvert aux grottes de S\u00e3o Vicente en ce moment - Blog","isPartOf":{"@id":"https:\/\/behomie.com\/blog\/fr\/#website"},"primaryImageOfPage":{"@id":"https:\/\/behomie.com\/blog\/fr\/grottes-de-sao-vicente\/#primaryimage"},"image":{"@id":"https:\/\/behomie.com\/blog\/fr\/grottes-de-sao-vicente\/#primaryimage"},"thumbnailUrl":"https:\/\/behomie.com\/blog\/wp-content\/uploads\/2026\/07\/Sao-Vicente-Caves-inside.webp","datePublished":"2026-08-26T09:50:54+00:00","dateModified":"2026-08-26T09:50:55+00:00","author":{"@id":"https:\/\/behomie.com\/blog\/fr\/#\/schema\/person\/3b19d1cfa3ac1cd6fa5faaed1f459cc8"},"description":"Explorez les fascinantes grottes de S\u00e3o Vicente \u00e0 Mad\u00e8re. Admirez des paysages volcaniques uniques et vivez une aventure inoubliable.","breadcrumb":{"@id":"https:\/\/behomie.com\/blog\/fr\/grottes-de-sao-vicente\/#breadcrumb"},"inLanguage":"fr-FR","potentialAction":[{"@type":"ReadAction","target":["https:\/\/behomie.com\/blog\/fr\/grottes-de-sao-vicente\/"]}]},{"@type":"ImageObject","inLanguage":"fr-FR","@id":"https:\/\/behomie.com\/blog\/fr\/grottes-de-sao-vicente\/#primaryimage","url":"https:\/\/behomie.com\/blog\/wp-content\/uploads\/2026\/07\/Sao-Vicente-Caves-inside.webp","contentUrl":"https:\/\/behomie.com\/blog\/wp-content\/uploads\/2026\/07\/Sao-Vicente-Caves-inside.webp","width":1360,"height":1020,"caption":"S\u00e3o Vicente Caves inside"},{"@type":"BreadcrumbList","@id":"https:\/\/behomie.com\/blog\/fr\/grottes-de-sao-vicente\/#breadcrumb","itemListElement":[{"@type":"ListItem","position":1,"name":"Home","item":"https:\/\/behomie.com\/blog\/fr\/"},{"@type":"ListItem","position":2,"name":"Ce qui est r\u00e9ellement ouvert aux grottes de S\u00e3o Vicente en ce moment"}]},{"@type":"WebSite","@id":"https:\/\/behomie.com\/blog\/fr\/#website","url":"https:\/\/behomie.com\/blog\/fr\/","name":"Blog","description":"Madeira holiday rentals","potentialAction":[{"@type":"SearchAction","target":{"@type":"EntryPoint","urlTemplate":"https:\/\/behomie.com\/blog\/fr\/?s={search_term_string}"},"query-input":{"@type":"PropertyValueSpecification","valueRequired":true,"valueName":"search_term_string"}}],"inLanguage":"fr-FR"},{"@type":"Person","@id":"https:\/\/behomie.com\/blog\/fr\/#\/schema\/person\/3b19d1cfa3ac1cd6fa5faaed1f459cc8","name":"Maral","image":{"@type":"ImageObject","inLanguage":"fr-FR","@id":"https:\/\/secure.gravatar.com\/avatar\/d804353e8f67fa61fe64a503dcb7247981e2ba0f61d8e0cf872d45560a9cee7f?s=96&d=mm&r=g","url":"https:\/\/secure.gravatar.com\/avatar\/d804353e8f67fa61fe64a503dcb7247981e2ba0f61d8e0cf872d45560a9cee7f?s=96&d=mm&r=g","contentUrl":"https:\/\/secure.gravatar.com\/avatar\/d804353e8f67fa61fe64a503dcb7247981e2ba0f61d8e0cf872d45560a9cee7f?s=96&d=mm&r=g","caption":"Maral"},"url":"https:\/\/behomie.com\/blog\/fr\/author\/maral\/"}]}},"_links":{"self":[{"href":"https:\/\/behomie.com\/blog\/fr\/wp-json\/wp\/v2\/posts\/1778","targetHints":{"allow":["GET"]}}],"collection":[{"href":"https:\/\/behomie.com\/blog\/fr\/wp-json\/wp\/v2\/posts"}],"about":[{"href":"https:\/\/behomie.com\/blog\/fr\/wp-json\/wp\/v2\/types\/post"}],"author":[{"embeddable":true,"href":"https:\/\/behomie.com\/blog\/fr\/wp-json\/wp\/v2\/users\/4"}],"replies":[{"embeddable":true,"href":"https:\/\/behomie.com\/blog\/fr\/wp-json\/wp\/v2\/comments?post=1778"}],"version-history":[{"count":1,"href":"https:\/\/behomie.com\/blog\/fr\/wp-json\/wp\/v2\/posts\/1778\/revisions"}],"predecessor-version":[{"id":1779,"href":"https:\/\/behomie.com\/blog\/fr\/wp-json\/wp\/v2\/posts\/1778\/revisions\/1779"}],"wp:featuredmedia":[{"embeddable":true,"href":"https:\/\/behomie.com\/blog\/fr\/wp-json\/wp\/v2\/media\/1773"}],"wp:attachment":[{"href":"https:\/\/behomie.com\/blog\/fr\/wp-json\/wp\/v2\/media?parent=1778"}],"wp:term":[{"taxonomy":"category","embeddable":true,"href":"https:\/\/behomie.com\/blog\/fr\/wp-json\/wp\/v2\/categories?post=1778"},{"taxonomy":"post_tag","embeddable":true,"href":"https:\/\/behomie.com\/blog\/fr\/wp-json\/wp\/v2\/tags?post=1778"}],"curies":[{"name":"wp","href":"https:\/\/api.w.org\/{rel}","templated":true}]}}